{"id":704,"date":"2024-01-28T09:08:00","date_gmt":"2024-01-28T08:08:00","guid":{"rendered":"https:\/\/kadence.pixel-show.com\/blog-affiliate\/?p=19"},"modified":"2024-02-15T06:15:27","modified_gmt":"2024-02-15T05:15:27","slug":"wer-ist-die-zielgruppe-auf-beledama","status":"publish","type":"post","link":"https:\/\/beledama.de\/ads\/wer-ist-die-zielgruppe-auf-beledama\/","title":{"rendered":"Wer ist die Zielgruppe auf BELEDAMA.de?"},"content":{"rendered":"\n<p>Die Zielgruppe auf BELEDAMA.de lassen sich nicht einfach in eine Schublade stecken. Sie kommen aus allen Lebensbereichen und haben unterschiedliche Hintergr\u00fcnde, Motivationen und Interessen. BELEDAMA.de ist f\u00fcr alle, die sich bewusst \u00fcber ihre Gesundheit, Wohlbefinden und Lebensqualit\u00e4t Gedanken machen.<\/p>\n\n\n\n<h2 class=\"wp-block-heading\">Bed\u00fcrfnisse unserer Leser<\/h2>\n\n\n\n<p>Um die Bed\u00fcrfnisse unserer Leser bestm\u00f6glich zu erf\u00fcllen, ist es wichtig, ihre Interessen und Motivationen zu verstehen. Aus diesem Grund bieten wir eine breite Vielfalt an Themen und Perspektiven an, die die Bed\u00fcrfnisse und Interessen dieser Zielgruppen widerspiegelt.<\/p>\n\n\n<style>.kb-table-of-content-nav.kb-table-of-content-id704_dc2efe-b6 .kb-table-of-content-wrap{padding-top:var(--global-kb-spacing-sm, 1.5rem);padding-right:var(--global-kb-spacing-sm, 1.5rem);padding-bottom:var(--global-kb-spacing-sm, 1.5rem);padding-left:var(--global-kb-spacing-sm, 1.5rem);background-color:var(--global-palette8, #F7FAFC);border-top:1px solid var(--global-palette7, #EDF2F7);border-right:1px solid var(--global-palette7, #EDF2F7);border-bottom:1px solid var(--global-palette7, #EDF2F7);border-left:1px solid var(--global-palette7, #EDF2F7);}.kb-table-of-content-nav.kb-table-of-content-id704_dc2efe-b6 .kb-table-of-contents-title-wrap{padding-top:0px;padding-right:0px;padding-bottom:0px;padding-left:0px;}.kb-table-of-content-nav.kb-table-of-content-id704_dc2efe-b6 .kb-table-of-contents-title-wrap{color:var(--global-palette2, #2B6CB0);}.kb-table-of-content-nav.kb-table-of-content-id704_dc2efe-b6 .kb-table-of-contents-title{color:var(--global-palette2, #2B6CB0);font-weight:regular;font-style:normal;}.kb-table-of-content-nav.kb-table-of-content-id704_dc2efe-b6 .kb-table-of-content-wrap .kb-table-of-content-list{font-weight:regular;font-style:normal;margin-top:var(--global-kb-spacing-sm, 1.5rem);margin-right:0px;margin-bottom:0px;margin-left:0px;}.kb-table-of-content-nav.kb-table-of-content-id704_dc2efe-b6 .kb-toggle-icon-style-basiccircle .kb-table-of-contents-icon-trigger:after, .kb-table-of-content-nav.kb-table-of-content-id704_dc2efe-b6 .kb-toggle-icon-style-basiccircle .kb-table-of-contents-icon-trigger:before, .kb-table-of-content-nav.kb-table-of-content-id704_dc2efe-b6 .kb-toggle-icon-style-arrowcircle .kb-table-of-contents-icon-trigger:after, .kb-table-of-content-nav.kb-table-of-content-id704_dc2efe-b6 .kb-toggle-icon-style-arrowcircle .kb-table-of-contents-icon-trigger:before, .kb-table-of-content-nav.kb-table-of-content-id704_dc2efe-b6 .kb-toggle-icon-style-xclosecircle .kb-table-of-contents-icon-trigger:after, .kb-table-of-content-nav.kb-table-of-content-id704_dc2efe-b6 .kb-toggle-icon-style-xclosecircle .kb-table-of-contents-icon-trigger:before{background-color:var(--global-palette8, #F7FAFC);}@media all and (max-width: 1024px){.kb-table-of-content-nav.kb-table-of-content-id704_dc2efe-b6 .kb-table-of-content-wrap{border-top:1px solid var(--global-palette7, #EDF2F7);border-right:1px solid var(--global-palette7, #EDF2F7);border-bottom:1px solid var(--global-palette7, #EDF2F7);border-left:1px solid var(--global-palette7, #EDF2F7);}}@media all and (max-width: 767px){.kb-table-of-content-nav.kb-table-of-content-id704_dc2efe-b6 .kb-table-of-content-wrap{border-top:1px solid var(--global-palette7, #EDF2F7);border-right:1px solid var(--global-palette7, #EDF2F7);border-bottom:1px solid var(--global-palette7, #EDF2F7);border-left:1px solid var(--global-palette7, #EDF2F7);}}<\/style>\n\n\n<h2 class=\"wp-block-heading\">Zielgruppe auf BELEDAMA.de<\/h2>\n\n\n\n<p>Nachfolgend findest du einige der Zielgruppen, die wir mit <a href=\"https:\/\/beledama.de\/\" target=\"_blank\" rel=\"noreferrer noopener\">BELEDAMA.de<\/a> und unseren Themen ansprechen. Es ist wichtig zu erw\u00e4hnen, dass dies nur allgemeine Beschreibungen sind und das sich die Interessen der Leser oft \u00fcberlappen und sich nicht klar voneinander abgrenzen lassen. <\/p>\n\n\n\n<h3 class=\"wp-block-heading\">Gesundheitsbewusste Menschen<\/h3>\n\n\n\n<p>Sie sind an Informationen interessiert, die ihnen helfen, ihre Gesundheit zu verbessern und Krankheiten vorzubeugen. Sie sind aktiv darum bem\u00fcht, ihre Gesundheit zu erhalten und zu verbessern. Sie ern\u00e4hren sich gesund, treiben Sport und achten auf ausreichend Schlaf.<\/p>\n\n\n\n<h3 class=\"wp-block-heading\">Menschen mit Erkrankungen<\/h3>\n\n\n\n<p>Sie suchen nach Informationen und Unterst\u00fctzung, um mit ihrer Erkrankung besser leben zu k\u00f6nnen. Sie interessieren sich f\u00fcr Therapien, alternative Heilmethoden und Selbsthilfegruppen.<\/p>\n\n\n\n<h3 class=\"wp-block-heading\">Stressgeplagte Menschen<\/h3>\n\n\n\n<p>Sie suchen nach Entspannungstechniken und Strategien zur Stressbew\u00e4ltigung. Sie interessieren sich f\u00fcr Themen wie Achtsamkeit, Meditation und Yoga.<\/p>\n\n\n\n<h3 class=\"wp-block-heading\">Schlafgest\u00f6rte Menschen<\/h3>\n\n\n\n<p>Sie suchen nach Informationen zu Schlafst\u00f6rungen und Tipps f\u00fcr einen besseren Schlaf.<\/p>\n\n\n\n<h3 class=\"wp-block-heading\">\u00c4ltere Menschen<\/h3>\n\n\n\n<p>Sie m\u00f6chten ihren Lebensabend aktiv und gesund gestalten. Sie interessieren sich f\u00fcr Themen wie Pr\u00e4vention, Ern\u00e4hrung und Bewegung im Alter.<\/p>\n\n\n\n<h3 class=\"wp-block-heading\">Angeh\u00f6rige von Pflegebed\u00fcrftigen<\/h3>\n\n\n\n<p>Sie suchen nach Informationen und Unterst\u00fctzung, um die Gesundheit und das Wohlbefinden ihrer Liebsten zu verbessern. Sie suchen nach Informationen und Unterst\u00fctzung im Umgang mit der Pflegebed\u00fcrftigkeit. Sie interessieren sich f\u00fcr Themen wie Entlastungsm\u00f6glichkeiten, Finanzierung und rechtliche Fragen.<\/p>\n\n\n\n<h3 class=\"wp-block-heading\">Menschen mit psychischen Problemen<\/h3>\n\n\n\n<p>Sie suchen nach Informationen und Unterst\u00fctzung, um ihre mentale Gesundheit zu verbessern. Sie interessieren sich f\u00fcr Themen wie Depressionen, Angstst\u00f6rungen und Therapiem\u00f6glichkeiten.<\/p>\n\n\n\n<h3 class=\"wp-block-heading\">Sportler<\/h3>\n\n\n\n<p>Sie m\u00f6chten ihre Leistung verbessern und ihre Gesundheit erhalten. Sie interessieren sich f\u00fcr Themen wie Ern\u00e4hrung, Training und Regeneration.<\/p>\n\n\n\n<h3 class=\"wp-block-heading\">Ern\u00e4hrungsbewusste Menschen<\/h3>\n\n\n\n<p>Sie m\u00f6chten sich gesund und nachhaltig ern\u00e4hren. Sie interessieren sich f\u00fcr Themen wie Lebensmittelkunde, vegetarische und vegane Ern\u00e4hrung und Di\u00e4ten.<\/p>\n\n\n\n<h3 class=\"wp-block-heading\">Menschen, die sich f\u00fcr alternative Heilmethoden interessieren<\/h3>\n\n\n\n<p>Sie suchen nach alternativen M\u00f6glichkeiten, ihre Gesundheit zu verbessern. Sie interessieren sich f\u00fcr Themen wie Hom\u00f6opathie, Naturheilkunde und Traditionelle Chinesische Medizin.<\/p>\n\n\n\n<h3 class=\"wp-block-heading\">Wellness-Enthusiasten<\/h3>\n\n\n\n<p>Wellness-orientierte suchen nach Tipps und Tricks, um ihre Fitness, ihr Wohlbefinden und ihre Lebensqualit\u00e4t zu steigern.<\/p>\n\n\n\n<h3 class=\"wp-block-heading\">Sinn-Suchende<\/h3>\n\n\n\n<p>Sie besch\u00e4ftigen sich mit der Frage nach dem Sinn des Lebens und suchen nach Wegen, ein erf\u00fcllteres Leben zu f\u00fchren.<\/p>\n\n\n\n<h3 class=\"wp-block-heading\">Pers\u00f6nlichkeitsentwickler<\/h3>\n\n\n\n<p>Sie m\u00f6chten sich selbst besser kennenlernen und ihre Potenziale entfalten.<\/p>\n\n\n\n<h3 class=\"wp-block-heading\">Schwangere Frauen<\/h3>\n\n\n\n<p>Sie suchen nach Informationen und Unterst\u00fctzung rund um die Schwangerschaft und Geburt.<\/p>\n\n\n\n<h3 class=\"wp-block-heading\">Berufst\u00e4tige<\/h3>\n\n\n\n<p>Ob Arbeitnehmer, Selbstst\u00e4ndiger oder Manager, sie alle m\u00f6chten lernen, wie sie Beruf und Familie besser unter einen Hut bekommen und Stress im Beruf reduzieren k\u00f6nnen.<\/p>\n\n\n\n<h3 class=\"wp-block-heading\">Studierende<\/h3>\n\n\n\n<p>Sie sind neugierig, sie suchen nach Tipps, wie sie Studium und Gesundheit unter einen Hut bekommen k\u00f6nnen.<\/p>\n\n\n\n<h3 class=\"wp-block-heading\">Menschen, die sich f\u00fcr ein nachhaltiges Leben interessieren<\/h3>\n\n\n\n<p>Sie m\u00f6chten ihren Lebensstil so gestalten, dass er die Umwelt und ihre eigene Gesundheit schont.<\/p>\n\n\n\n<h3 class=\"wp-block-heading\">Fachleute<\/h3>\n\n\n\n<p>\u00c4rzte, Psychologen, Ern\u00e4hrungsberater und andere Fachleute im Gesundheitswesen nutzen Informationen zu Gesundheit, Wohlbefinden und Lebensqualit\u00e4t f\u00fcr ihre Arbeit.<\/p>\n\n\n\n<h3 class=\"wp-block-heading\">Lifestyle-Leser<\/h3>\n\n\n\n<p>Sie interessieren sich f\u00fcr Trends und Entwicklungen im Bereich Gesundheit, Ern\u00e4hrung und Fitness.<\/p>\n\n\n\n<h2 class=\"wp-block-heading\">Demografische Merkmale<\/h2>\n\n\n\n<h3 class=\"wp-block-heading\">Alter unserer Leser<\/h3>\n\n\n\n<p>BELEDAMA.de beschr\u00e4nkt sich nicht auf eine Altersgruppe. J\u00fcngere Leser interessieren sich m\u00f6glicherweise eher f\u00fcr Themen wie Fitness, Ern\u00e4hrung und Nachhaltigkeit, w\u00e4hrend \u00e4ltere Leser sich eher f\u00fcr Themen wie Heilmethoden, Gesundheitserhaltung und Vorsorge interessieren.<\/p>\n\n\n\n<h3 class=\"wp-block-heading\">Geschlecht unserer Leser<\/h3>\n\n\n\n<p>Mit unseren Themen sprechen wir alle Geschlechter an. Denn Frauen und M\u00e4nner k\u00f6nnen unterschiedliche Interessen in Bezug auf Gesundheit und Wohlbefinden haben. Jedoch sind Frauen tendenziell st\u00e4rker an Gesundheits- und Wellnessthemen interessiert als M\u00e4nner.<\/p>\n\n\n\n<h3 class=\"wp-block-heading\">Lebensstil unserer Leser<\/h3>\n\n\n\n<p>Auch hier gehen wir neutrale Wege: F\u00e4higkeiten, Bildung oder Lebenseinstellung spielen bei uns keine Rolle. Menschen mit einem aktiven Lebensstil haben m\u00f6glicherweise andere Interessen als Menschen mit einem eher gediegenem Lebensstil.<\/p>\n\n\n\n<h2 class=\"wp-block-heading\">Unser Fazit<\/h2>\n\n\n\n<p>Zusammenfassend l\u00e4sst sich sagen, dass die Zielgruppe auf BELEDAMA.de, die sich f\u00fcr &#8222;Gesundheit, Wohlbefinden und Lebensqualit\u00e4t&#8220; interessiert, sehr heterogen ist. Es gibt jedoch einige gemeinsame Merkmale, die diese Menschen verbinden:<\/p>\n\n\n\n<p>Sie sind an Informationen und Tipps interessiert, wie sie ihre Gesundheit verbessern und ihre Lebensqualit\u00e4t steigern k\u00f6nnen. Sie sind offen f\u00fcr neue Ideen und Ans\u00e4tze. Sie sind bereit, etwas f\u00fcr ihre Gesundheit und ihr Wohlbefinden zu tun.<\/p>\n","protected":false},"excerpt":{"rendered":"<p>Die Zielgruppe auf BELEDAMA.de lassen sich nicht einfach in eine Schublade stecken. Sie kommen aus allen Lebensbereichen und&#8230;<\/p>\n","protected":false},"author":1,"featured_media":1465,"comment_status":"closed","ping_status":"closed","sticky":false,"template":"","format":"standard","meta":{"_kad_blocks_custom_css":"","_kad_blocks_head_custom_js":"","_kad_blocks_body_custom_js":"","_kad_blocks_footer_custom_js":"","_kadence_starter_templates_imported_post":true,"_kad_post_transparent":"","_kad_post_title":"","_kad_post_layout":"","_kad_post_sidebar_id":"","_kad_post_content_style":"","_kad_post_vertical_padding":"","_kad_post_feature":"","_kad_post_feature_position":"","_kad_post_header":false,"_kad_post_footer":false,"_kad_post_classname":"","footnotes":""},"categories":[1],"tags":[23,24],"class_list":["post-704","post","type-post","status-publish","format-standard","has-post-thumbnail","hentry","category-allgemein","tag-leser","tag-zielgruppe"],"yoast_head":"<!-- This site is optimized with the Yoast SEO plugin v27.5 - https:\/\/yoast.com\/product\/yoast-seo-wordpress\/ -->\n<title>Wer ist die Zielgruppe auf BELEDAMA.de? &#187; BELEDAMA Ads<\/title>\n<meta name=\"description\" content=\"Sie kommen aus allen Lebensbereichen und haben unterschiedliche Hintergr\u00fcnde, Motivationen und Interessen. Die Zielgruppe auf BELEDAMA.de\" \/>\n<meta name=\"robots\" content=\"index, follow, max-snippet:-1, max-image-preview:large, max-video-preview:-1\" \/>\n<link rel=\"canonical\" href=\"https:\/\/beledama.de\/ads\/wer-ist-die-zielgruppe-auf-beledama\/\" \/>\n<meta property=\"og:locale\" content=\"de_DE\" \/>\n<meta property=\"og:type\" content=\"article\" \/>\n<meta property=\"og:title\" content=\"Wer ist die Zielgruppe auf BELEDAMA.de? &#187; BELEDAMA Ads\" \/>\n<meta property=\"og:description\" content=\"Sie kommen aus allen Lebensbereichen und haben unterschiedliche Hintergr\u00fcnde, Motivationen und Interessen. Die Zielgruppe auf BELEDAMA.de\" \/>\n<meta property=\"og:url\" content=\"https:\/\/beledama.de\/ads\/wer-ist-die-zielgruppe-auf-beledama\/\" \/>\n<meta property=\"og:site_name\" content=\"BELEDAMA Ads\" \/>\n<meta property=\"article:published_time\" content=\"2024-01-28T08:08:00+00:00\" \/>\n<meta property=\"article:modified_time\" content=\"2024-02-15T05:15:27+00:00\" \/>\n<meta property=\"og:image\" content=\"https:\/\/beledama.de\/ads\/wp-content\/uploads\/sites\/2\/2024\/02\/gender101.jpg\" \/>\n\t<meta property=\"og:image:width\" content=\"1069\" \/>\n\t<meta property=\"og:image:height\" content=\"600\" \/>\n\t<meta property=\"og:image:type\" content=\"image\/jpeg\" \/>\n<meta name=\"author\" content=\"Zeljko Z.\" \/>\n<meta name=\"twitter:card\" content=\"summary_large_image\" \/>\n<meta name=\"twitter:label1\" content=\"Verfasst von\" \/>\n\t<meta name=\"twitter:data1\" content=\"Zeljko Z.\" \/>\n\t<meta name=\"twitter:label2\" content=\"Gesch\u00e4tzte Lesezeit\" \/>\n\t<meta name=\"twitter:data2\" content=\"9\u00a0Minuten\" \/>\n<script type=\"application\/ld+json\" class=\"yoast-schema-graph\">{\"@context\":\"https:\\\/\\\/schema.org\",\"@graph\":[{\"@type\":\"Article\",\"@id\":\"https:\\\/\\\/beledama.de\\\/ads\\\/wer-ist-die-zielgruppe-auf-beledama\\\/#article\",\"isPartOf\":{\"@id\":\"https:\\\/\\\/beledama.de\\\/ads\\\/wer-ist-die-zielgruppe-auf-beledama\\\/\"},\"author\":{\"name\":\"Zeljko Z.\",\"@id\":\"https:\\\/\\\/beledama.de\\\/ads\\\/#\\\/schema\\\/person\\\/237e0e8ebeb2b09b8f06fcbafad49607\"},\"headline\":\"Wer ist die Zielgruppe auf BELEDAMA.de?\",\"datePublished\":\"2024-01-28T08:08:00+00:00\",\"dateModified\":\"2024-02-15T05:15:27+00:00\",\"mainEntityOfPage\":{\"@id\":\"https:\\\/\\\/beledama.de\\\/ads\\\/wer-ist-die-zielgruppe-auf-beledama\\\/\"},\"wordCount\":824,\"publisher\":{\"@id\":\"https:\\\/\\\/beledama.de\\\/ads\\\/#organization\"},\"image\":{\"@id\":\"https:\\\/\\\/beledama.de\\\/ads\\\/wer-ist-die-zielgruppe-auf-beledama\\\/#primaryimage\"},\"thumbnailUrl\":\"https:\\\/\\\/beledama.de\\\/ads\\\/wp-content\\\/uploads\\\/sites\\\/2\\\/2024\\\/02\\\/gender101.jpg\",\"keywords\":[\"Leser\",\"Zielgruppe\"],\"inLanguage\":\"de\"},{\"@type\":\"WebPage\",\"@id\":\"https:\\\/\\\/beledama.de\\\/ads\\\/wer-ist-die-zielgruppe-auf-beledama\\\/\",\"url\":\"https:\\\/\\\/beledama.de\\\/ads\\\/wer-ist-die-zielgruppe-auf-beledama\\\/\",\"name\":\"Wer ist die Zielgruppe auf BELEDAMA.de? &#187; BELEDAMA Ads\",\"isPartOf\":{\"@id\":\"https:\\\/\\\/beledama.de\\\/ads\\\/#website\"},\"primaryImageOfPage\":{\"@id\":\"https:\\\/\\\/beledama.de\\\/ads\\\/wer-ist-die-zielgruppe-auf-beledama\\\/#primaryimage\"},\"image\":{\"@id\":\"https:\\\/\\\/beledama.de\\\/ads\\\/wer-ist-die-zielgruppe-auf-beledama\\\/#primaryimage\"},\"thumbnailUrl\":\"https:\\\/\\\/beledama.de\\\/ads\\\/wp-content\\\/uploads\\\/sites\\\/2\\\/2024\\\/02\\\/gender101.jpg\",\"datePublished\":\"2024-01-28T08:08:00+00:00\",\"dateModified\":\"2024-02-15T05:15:27+00:00\",\"description\":\"Sie kommen aus allen Lebensbereichen und haben unterschiedliche Hintergr\u00fcnde, Motivationen und Interessen. Die Zielgruppe auf BELEDAMA.de\",\"breadcrumb\":{\"@id\":\"https:\\\/\\\/beledama.de\\\/ads\\\/wer-ist-die-zielgruppe-auf-beledama\\\/#breadcrumb\"},\"inLanguage\":\"de\",\"potentialAction\":[{\"@type\":\"ReadAction\",\"target\":[\"https:\\\/\\\/beledama.de\\\/ads\\\/wer-ist-die-zielgruppe-auf-beledama\\\/\"]}]},{\"@type\":\"ImageObject\",\"inLanguage\":\"de\",\"@id\":\"https:\\\/\\\/beledama.de\\\/ads\\\/wer-ist-die-zielgruppe-auf-beledama\\\/#primaryimage\",\"url\":\"https:\\\/\\\/beledama.de\\\/ads\\\/wp-content\\\/uploads\\\/sites\\\/2\\\/2024\\\/02\\\/gender101.jpg\",\"contentUrl\":\"https:\\\/\\\/beledama.de\\\/ads\\\/wp-content\\\/uploads\\\/sites\\\/2\\\/2024\\\/02\\\/gender101.jpg\",\"width\":1069,\"height\":600},{\"@type\":\"BreadcrumbList\",\"@id\":\"https:\\\/\\\/beledama.de\\\/ads\\\/wer-ist-die-zielgruppe-auf-beledama\\\/#breadcrumb\",\"itemListElement\":[{\"@type\":\"ListItem\",\"position\":1,\"name\":\"Startseite\",\"item\":\"https:\\\/\\\/beledama.de\\\/ads\\\/\"},{\"@type\":\"ListItem\",\"position\":2,\"name\":\"Wer ist die Zielgruppe auf BELEDAMA.de?\"}]},{\"@type\":\"WebSite\",\"@id\":\"https:\\\/\\\/beledama.de\\\/ads\\\/#website\",\"url\":\"https:\\\/\\\/beledama.de\\\/ads\\\/\",\"name\":\"BELEDAMA.de\",\"description\":\"BELEDAMA Werbung\",\"publisher\":{\"@id\":\"https:\\\/\\\/beledama.de\\\/ads\\\/#organization\"},\"alternateName\":\"BELEDAMA\",\"potentialAction\":[{\"@type\":\"SearchAction\",\"target\":{\"@type\":\"EntryPoint\",\"urlTemplate\":\"https:\\\/\\\/beledama.de\\\/ads\\\/?s={search_term_string}\"},\"query-input\":{\"@type\":\"PropertyValueSpecification\",\"valueRequired\":true,\"valueName\":\"search_term_string\"}}],\"inLanguage\":\"de\"},{\"@type\":\"Organization\",\"@id\":\"https:\\\/\\\/beledama.de\\\/ads\\\/#organization\",\"name\":\"BELEDAMA\",\"url\":\"https:\\\/\\\/beledama.de\\\/ads\\\/\",\"logo\":{\"@type\":\"ImageObject\",\"inLanguage\":\"de\",\"@id\":\"https:\\\/\\\/beledama.de\\\/ads\\\/#\\\/schema\\\/logo\\\/image\\\/\",\"url\":\"https:\\\/\\\/beledama.de\\\/ads\\\/wp-content\\\/uploads\\\/sites\\\/2\\\/2024\\\/08\\\/cropped-beledama-logo-7241.png\",\"contentUrl\":\"https:\\\/\\\/beledama.de\\\/ads\\\/wp-content\\\/uploads\\\/sites\\\/2\\\/2024\\\/08\\\/cropped-beledama-logo-7241.png\",\"width\":399,\"height\":82,\"caption\":\"BELEDAMA\"},\"image\":{\"@id\":\"https:\\\/\\\/beledama.de\\\/ads\\\/#\\\/schema\\\/logo\\\/image\\\/\"}},{\"@type\":\"Person\",\"@id\":\"https:\\\/\\\/beledama.de\\\/ads\\\/#\\\/schema\\\/person\\\/237e0e8ebeb2b09b8f06fcbafad49607\",\"name\":\"Zeljko Z.\",\"sameAs\":[\"https:\\\/\\\/beledama.de\"],\"url\":\"https:\\\/\\\/beledama.de\\\/ads\\\/author\\\/zdeze\\\/\"}]}<\/script>\n<!-- \/ Yoast SEO plugin. -->","yoast_head_json":{"title":"Wer ist die Zielgruppe auf BELEDAMA.de? &#187; BELEDAMA Ads","description":"Sie kommen aus allen Lebensbereichen und haben unterschiedliche Hintergr\u00fcnde, Motivationen und Interessen. Die Zielgruppe auf BELEDAMA.de","robots":{"index":"index","follow":"follow","max-snippet":"max-snippet:-1","max-image-preview":"max-image-preview:large","max-video-preview":"max-video-preview:-1"},"canonical":"https:\/\/beledama.de\/ads\/wer-ist-die-zielgruppe-auf-beledama\/","og_locale":"de_DE","og_type":"article","og_title":"Wer ist die Zielgruppe auf BELEDAMA.de? &#187; BELEDAMA Ads","og_description":"Sie kommen aus allen Lebensbereichen und haben unterschiedliche Hintergr\u00fcnde, Motivationen und Interessen. Die Zielgruppe auf BELEDAMA.de","og_url":"https:\/\/beledama.de\/ads\/wer-ist-die-zielgruppe-auf-beledama\/","og_site_name":"BELEDAMA Ads","article_published_time":"2024-01-28T08:08:00+00:00","article_modified_time":"2024-02-15T05:15:27+00:00","og_image":[{"width":1069,"height":600,"url":"https:\/\/beledama.de\/ads\/wp-content\/uploads\/sites\/2\/2024\/02\/gender101.jpg","type":"image\/jpeg"}],"author":"Zeljko Z.","twitter_card":"summary_large_image","twitter_misc":{"Verfasst von":"Zeljko Z.","Gesch\u00e4tzte Lesezeit":"9\u00a0Minuten"},"schema":{"@context":"https:\/\/schema.org","@graph":[{"@type":"Article","@id":"https:\/\/beledama.de\/ads\/wer-ist-die-zielgruppe-auf-beledama\/#article","isPartOf":{"@id":"https:\/\/beledama.de\/ads\/wer-ist-die-zielgruppe-auf-beledama\/"},"author":{"name":"Zeljko Z.","@id":"https:\/\/beledama.de\/ads\/#\/schema\/person\/237e0e8ebeb2b09b8f06fcbafad49607"},"headline":"Wer ist die Zielgruppe auf BELEDAMA.de?","datePublished":"2024-01-28T08:08:00+00:00","dateModified":"2024-02-15T05:15:27+00:00","mainEntityOfPage":{"@id":"https:\/\/beledama.de\/ads\/wer-ist-die-zielgruppe-auf-beledama\/"},"wordCount":824,"publisher":{"@id":"https:\/\/beledama.de\/ads\/#organization"},"image":{"@id":"https:\/\/beledama.de\/ads\/wer-ist-die-zielgruppe-auf-beledama\/#primaryimage"},"thumbnailUrl":"https:\/\/beledama.de\/ads\/wp-content\/uploads\/sites\/2\/2024\/02\/gender101.jpg","keywords":["Leser","Zielgruppe"],"inLanguage":"de"},{"@type":"WebPage","@id":"https:\/\/beledama.de\/ads\/wer-ist-die-zielgruppe-auf-beledama\/","url":"https:\/\/beledama.de\/ads\/wer-ist-die-zielgruppe-auf-beledama\/","name":"Wer ist die Zielgruppe auf BELEDAMA.de? &#187; BELEDAMA Ads","isPartOf":{"@id":"https:\/\/beledama.de\/ads\/#website"},"primaryImageOfPage":{"@id":"https:\/\/beledama.de\/ads\/wer-ist-die-zielgruppe-auf-beledama\/#primaryimage"},"image":{"@id":"https:\/\/beledama.de\/ads\/wer-ist-die-zielgruppe-auf-beledama\/#primaryimage"},"thumbnailUrl":"https:\/\/beledama.de\/ads\/wp-content\/uploads\/sites\/2\/2024\/02\/gender101.jpg","datePublished":"2024-01-28T08:08:00+00:00","dateModified":"2024-02-15T05:15:27+00:00","description":"Sie kommen aus allen Lebensbereichen und haben unterschiedliche Hintergr\u00fcnde, Motivationen und Interessen. Die Zielgruppe auf BELEDAMA.de","breadcrumb":{"@id":"https:\/\/beledama.de\/ads\/wer-ist-die-zielgruppe-auf-beledama\/#breadcrumb"},"inLanguage":"de","potentialAction":[{"@type":"ReadAction","target":["https:\/\/beledama.de\/ads\/wer-ist-die-zielgruppe-auf-beledama\/"]}]},{"@type":"ImageObject","inLanguage":"de","@id":"https:\/\/beledama.de\/ads\/wer-ist-die-zielgruppe-auf-beledama\/#primaryimage","url":"https:\/\/beledama.de\/ads\/wp-content\/uploads\/sites\/2\/2024\/02\/gender101.jpg","contentUrl":"https:\/\/beledama.de\/ads\/wp-content\/uploads\/sites\/2\/2024\/02\/gender101.jpg","width":1069,"height":600},{"@type":"BreadcrumbList","@id":"https:\/\/beledama.de\/ads\/wer-ist-die-zielgruppe-auf-beledama\/#breadcrumb","itemListElement":[{"@type":"ListItem","position":1,"name":"Startseite","item":"https:\/\/beledama.de\/ads\/"},{"@type":"ListItem","position":2,"name":"Wer ist die Zielgruppe auf BELEDAMA.de?"}]},{"@type":"WebSite","@id":"https:\/\/beledama.de\/ads\/#website","url":"https:\/\/beledama.de\/ads\/","name":"BELEDAMA.de","description":"BELEDAMA Werbung","publisher":{"@id":"https:\/\/beledama.de\/ads\/#organization"},"alternateName":"BELEDAMA","potentialAction":[{"@type":"SearchAction","target":{"@type":"EntryPoint","urlTemplate":"https:\/\/beledama.de\/ads\/?s={search_term_string}"},"query-input":{"@type":"PropertyValueSpecification","valueRequired":true,"valueName":"search_term_string"}}],"inLanguage":"de"},{"@type":"Organization","@id":"https:\/\/beledama.de\/ads\/#organization","name":"BELEDAMA","url":"https:\/\/beledama.de\/ads\/","logo":{"@type":"ImageObject","inLanguage":"de","@id":"https:\/\/beledama.de\/ads\/#\/schema\/logo\/image\/","url":"https:\/\/beledama.de\/ads\/wp-content\/uploads\/sites\/2\/2024\/08\/cropped-beledama-logo-7241.png","contentUrl":"https:\/\/beledama.de\/ads\/wp-content\/uploads\/sites\/2\/2024\/08\/cropped-beledama-logo-7241.png","width":399,"height":82,"caption":"BELEDAMA"},"image":{"@id":"https:\/\/beledama.de\/ads\/#\/schema\/logo\/image\/"}},{"@type":"Person","@id":"https:\/\/beledama.de\/ads\/#\/schema\/person\/237e0e8ebeb2b09b8f06fcbafad49607","name":"Zeljko Z.","sameAs":["https:\/\/beledama.de"],"url":"https:\/\/beledama.de\/ads\/author\/zdeze\/"}]}},"taxonomy_info":{"category":[{"value":1,"label":"Allgemein"}],"post_tag":[{"value":23,"label":"Leser"},{"value":24,"label":"Zielgruppe"}]},"featured_image_src_large":["https:\/\/beledama.de\/ads\/wp-content\/uploads\/sites\/2\/2024\/02\/gender101-1024x575.jpg",1024,575,true],"author_info":{"display_name":"Zeljko Z.","author_link":"https:\/\/beledama.de\/ads\/author\/zdeze\/"},"comment_info":0,"category_info":[{"term_id":1,"name":"Allgemein","slug":"allgemein","term_group":0,"term_taxonomy_id":1,"taxonomy":"category","description":"","parent":0,"count":8,"filter":"raw","cat_ID":1,"category_count":8,"category_description":"","cat_name":"Allgemein","category_nicename":"allgemein","category_parent":0}],"tag_info":[{"term_id":23,"name":"Leser","slug":"leser","term_group":0,"term_taxonomy_id":23,"taxonomy":"post_tag","description":"","parent":0,"count":1,"filter":"raw"},{"term_id":24,"name":"Zielgruppe","slug":"zielgruppe","term_group":0,"term_taxonomy_id":24,"taxonomy":"post_tag","description":"","parent":0,"count":2,"filter":"raw"}],"_links":{"self":[{"href":"https:\/\/beledama.de\/ads\/wp-json\/wp\/v2\/posts\/704","targetHints":{"allow":["GET"]}}],"collection":[{"href":"https:\/\/beledama.de\/ads\/wp-json\/wp\/v2\/posts"}],"about":[{"href":"https:\/\/beledama.de\/ads\/wp-json\/wp\/v2\/types\/post"}],"author":[{"embeddable":true,"href":"https:\/\/beledama.de\/ads\/wp-json\/wp\/v2\/users\/1"}],"replies":[{"embeddable":true,"href":"https:\/\/beledama.de\/ads\/wp-json\/wp\/v2\/comments?post=704"}],"version-history":[{"count":0,"href":"https:\/\/beledama.de\/ads\/wp-json\/wp\/v2\/posts\/704\/revisions"}],"wp:featuredmedia":[{"embeddable":true,"href":"https:\/\/beledama.de\/ads\/wp-json\/wp\/v2\/media\/1465"}],"wp:attachment":[{"href":"https:\/\/beledama.de\/ads\/wp-json\/wp\/v2\/media?parent=704"}],"wp:term":[{"taxonomy":"category","embeddable":true,"href":"https:\/\/beledama.de\/ads\/wp-json\/wp\/v2\/categories?post=704"},{"taxonomy":"post_tag","embeddable":true,"href":"https:\/\/beledama.de\/ads\/wp-json\/wp\/v2\/tags?post=704"}],"curies":[{"name":"wp","href":"https:\/\/api.w.org\/{rel}","templated":true}]}}